{"id":236,"date":"2015-08-03T11:11:32","date_gmt":"2015-08-03T09:11:32","guid":{"rendered":"http:\/\/www.musikschule-sommersound.de\/wp\/?p=236"},"modified":"2019-01-18T16:46:35","modified_gmt":"2019-01-18T15:46:35","slug":"werbefolder-ist-fertig","status":"publish","type":"post","link":"http:\/\/www.musikschule-sommersound.de\/wp\/?p=236","title":{"rendered":"90 Jahre Ulmengrundschule"},"content":{"rendered":"<p>Gro\u00dfe Fete in der Ulmengrundschule am 13.7.17. Es war f\u00fcr uns eine besondere Ehre bei diesem gro\u00dfem Fest den Abschluss machen zu d\u00fcrfennachdem dort schon den ganzen Tag ein H\u00f6hepunkt auf den n\u00e4chsten folgte.Die Schule ist ja blo\u00df 100 Meter entfernt von uns und wir haben viele Erst bis Sechstkl\u00e4ssler\u00a0von dort bei uns hier zum Instrumental bzw.Gesangsunterricht. Es war f\u00fcr alle ein gro\u00dfer Spa\u00dfund das Wetter machte den Tag auch noch mit&#8230;&#8230;..<\/p>\n","protected":false},"excerpt":{"rendered":"<p>Gro\u00dfe Fete in der Ulmengrundschule am 13.7.17. Es war f\u00fcr uns eine besondere Ehre bei diesem gro\u00dfem Fest den Abschluss machen zu d\u00fcrfennachdem dort schon den ganzen Tag ein H\u00f6hepunkt auf den n\u00e4chsten folgte.Die Schule ist ja blo\u00df 100 Meter entfernt von uns und wir haben viele Erst bis Sechstkl\u00e4ssler\u00a0von dort bei uns hier zum [&hellip;]<\/p>\n","protected":false},"author":3,"featured_media":630,"comment_status":"open","ping_status":"open","sticky":false,"template":"","format":"standard","meta":{"_mi_skip_tracking":false},"categories":[1],"tags":[],"_links":{"self":[{"href":"http:\/\/www.musikschule-sommersound.de\/wp\/index.php?rest_route=\/wp\/v2\/posts\/236"}],"collection":[{"href":"http:\/\/www.musikschule-sommersound.de\/wp\/index.php?rest_route=\/wp\/v2\/posts"}],"about":[{"href":"http:\/\/www.musikschule-sommersound.de\/wp\/index.php?rest_route=\/wp\/v2\/types\/post"}],"author":[{"embeddable":true,"href":"http:\/\/www.musikschule-sommersound.de\/wp\/index.php?rest_route=\/wp\/v2\/users\/3"}],"replies":[{"embeddable":true,"href":"http:\/\/www.musikschule-sommersound.de\/wp\/index.php?rest_route=%2Fwp%2Fv2%2Fcomments&post=236"}],"version-history":[{"count":21,"href":"http:\/\/www.musikschule-sommersound.de\/wp\/index.php?rest_route=\/wp\/v2\/posts\/236\/revisions"}],"predecessor-version":[{"id":692,"href":"http:\/\/www.musikschule-sommersound.de\/wp\/index.php?rest_route=\/wp\/v2\/posts\/236\/revisions\/692"}],"wp:featuredmedia":[{"embeddable":true,"href":"http:\/\/www.musikschule-sommersound.de\/wp\/index.php?rest_route=\/wp\/v2\/media\/630"}],"wp:attachment":[{"href":"http:\/\/www.musikschule-sommersound.de\/wp\/index.php?rest_route=%2Fwp%2Fv2%2Fmedia&parent=236"}],"wp:term":[{"taxonomy":"category","embeddable":true,"href":"http:\/\/www.musikschule-sommersound.de\/wp\/index.php?rest_route=%2Fwp%2Fv2%2Fcategories&post=236"},{"taxonomy":"post_tag","embeddable":true,"href":"http:\/\/www.musikschule-sommersound.de\/wp\/index.php?rest_route=%2Fwp%2Fv2%2Ftags&post=236"}],"curies":[{"name":"wp","href":"https:\/\/api.w.org\/{rel}","templated":true}]}}